{"id":10702,"date":"2023-05-18T16:01:21","date_gmt":"2023-05-18T14:01:21","guid":{"rendered":"https:\/\/www.sinonim.hr\/?p=10702"},"modified":"2023-06-28T12:22:20","modified_gmt":"2023-06-28T10:22:20","slug":"tjedan-karijera-karijerni-korzo-2023","status":"publish","type":"post","link":"https:\/\/www.sinonim.hr\/en_us\/tjedan-karijera-karijerni-korzo-2023\/","title":{"rendered":"Karijerni korzo - 2023."},"content":{"rendered":"<p>Karijerni korzo recap: uspje\u0161no odr\u017ean doga\u0111aj!<\/p>\n\n\n\n<p>Tjedan karijera u Osijeku organizira Sveu\u010dili\u0161te Josipa J. Strossmayera uz mno\u0161tvo radionica, doga\u0111aja i aktivnosti u sklopu kojih je odr\u017ean i Karijerni korzo.<\/p>\n\n\n\n<p>Ju\u010der smo s ponosom sudjelovali na Karijernom korzu, koji je dio Tjedna karijera, jednom od najva\u017enijih doga\u0111aja posve\u0107enih povezivanju studenata s potencijalnim poslodavcima. Na\u0161 \u0161tand bio je sredi\u0161nje mjesto za sve zainteresirane studente uz nevjerojatno energi\u010dnu i inspirativnu atmosferu.<\/p>\n\n\n\n<p>Zbog lo\u0161eg vremena, Karijerni korzo odr\u017ean je u prizemlju <a href=\"http:\/\/fazos.unios.hr\" target=\"_blank\" rel=\"noreferrer noopener\">Fakulteta agrobiotehni\u010dkih znanosti.<\/a><\/p>\n\n\n\n<p>Cijeli dan igrali smo edukativne i zabavne igre, pru\u017eaju\u0107i studentima priliku da se opuste i poka\u017eu svoje vje\u0161tine. Nagra\u0111ivali smo pobjednike sjajnim nagradama, poput Sinonim majica, anti-stress loptica, boca za vodu i raznih drugih!<\/p>\n\n\n\n<p><\/p>\n\n\n\n<figure class=\"is-layout-flex wp-block-gallery-1 wp-block-gallery alignwide has-nested-images columns-default is-cropped\">\n<figure class=\"wp-block-image size-large\"><img decoding=\"async\" loading=\"lazy\" width=\"1024\" height=\"1024\" data-id=\"10710\"  src=\"https:\/\/www.sinonim.hr\/wp-content\/uploads\/2023\/05\/WhatsApp-Image-2023-05-17-at-14.19.33-1-edited-1024x1024.jpeg\" alt=\"Tjedan karijera - Karijerni korzo - Osijek\" class=\"wp-image-10710\" srcset=\"https:\/\/www.sinonim.hr\/wp-content\/uploads\/2023\/05\/WhatsApp-Image-2023-05-17-at-14.19.33-1-edited-1024x1024.jpeg 1024w, https:\/\/www.sinonim.hr\/wp-content\/uploads\/2023\/05\/WhatsApp-Image-2023-05-17-at-14.19.33-1-edited-300x300.jpeg 300w, https:\/\/www.sinonim.hr\/wp-content\/uploads\/2023\/05\/WhatsApp-Image-2023-05-17-at-14.19.33-1-edited-150x150.jpeg 150w, https:\/\/www.sinonim.hr\/wp-content\/uploads\/2023\/05\/WhatsApp-Image-2023-05-17-at-14.19.33-1-edited-768x768.jpeg 768w, https:\/\/www.sinonim.hr\/wp-content\/uploads\/2023\/05\/WhatsApp-Image-2023-05-17-at-14.19.33-1-edited-12x12.jpeg 12w, https:\/\/www.sinonim.hr\/wp-content\/uploads\/2023\/05\/WhatsApp-Image-2023-05-17-at-14.19.33-1-edited-800x800.jpeg 800w, https:\/\/www.sinonim.hr\/wp-content\/uploads\/2023\/05\/WhatsApp-Image-2023-05-17-at-14.19.33-1-edited-24x24.jpeg 24w, https:\/\/www.sinonim.hr\/wp-content\/uploads\/2023\/05\/WhatsApp-Image-2023-05-17-at-14.19.33-1-edited-36x36.jpeg 36w, https:\/\/www.sinonim.hr\/wp-content\/uploads\/2023\/05\/WhatsApp-Image-2023-05-17-at-14.19.33-1-edited-48x48.jpeg 48w, https:\/\/www.sinonim.hr\/wp-content\/uploads\/2023\/05\/WhatsApp-Image-2023-05-17-at-14.19.33-1-edited.jpeg 1200w\" sizes=\"(max-width: 1024px) 100vw, 1024px\" \/><\/figure>\n\n\n\n<figure class=\"wp-block-image size-large\"><img decoding=\"async\" loading=\"lazy\" width=\"1024\" height=\"1024\" data-id=\"10711\"  src=\"https:\/\/www.sinonim.hr\/wp-content\/uploads\/2023\/05\/WhatsApp-Image-2023-05-17-at-14.18.23-edited-1024x1024.jpeg\" alt=\"Tjedan karijera - upoznavanje sa studentima \" class=\"wp-image-10711\" srcset=\"https:\/\/www.sinonim.hr\/wp-content\/uploads\/2023\/05\/WhatsApp-Image-2023-05-17-at-14.18.23-edited-1024x1024.jpeg 1024w, https:\/\/www.sinonim.hr\/wp-content\/uploads\/2023\/05\/WhatsApp-Image-2023-05-17-at-14.18.23-edited-300x300.jpeg 300w, https:\/\/www.sinonim.hr\/wp-content\/uploads\/2023\/05\/WhatsApp-Image-2023-05-17-at-14.18.23-edited-150x150.jpeg 150w, https:\/\/www.sinonim.hr\/wp-content\/uploads\/2023\/05\/WhatsApp-Image-2023-05-17-at-14.18.23-edited-768x768.jpeg 768w, https:\/\/www.sinonim.hr\/wp-content\/uploads\/2023\/05\/WhatsApp-Image-2023-05-17-at-14.18.23-edited.jpeg 1536w, https:\/\/www.sinonim.hr\/wp-content\/uploads\/2023\/05\/WhatsApp-Image-2023-05-17-at-14.18.23-edited-12x12.jpeg 12w, https:\/\/www.sinonim.hr\/wp-content\/uploads\/2023\/05\/WhatsApp-Image-2023-05-17-at-14.18.23-edited-800x800.jpeg 800w, https:\/\/www.sinonim.hr\/wp-content\/uploads\/2023\/05\/WhatsApp-Image-2023-05-17-at-14.18.23-edited-24x24.jpeg 24w, https:\/\/www.sinonim.hr\/wp-content\/uploads\/2023\/05\/WhatsApp-Image-2023-05-17-at-14.18.23-edited-36x36.jpeg 36w, https:\/\/www.sinonim.hr\/wp-content\/uploads\/2023\/05\/WhatsApp-Image-2023-05-17-at-14.18.23-edited-48x48.jpeg 48w\" sizes=\"(max-width: 1024px) 100vw, 1024px\" \/><\/figure>\n<figcaption class=\"blocks-gallery-caption wp-element-caption\">Memory igra - spoji rije\u010d na hrvatskom s odgovaraju\u0107im prijevodom na stranom jeziku!<\/figcaption><\/figure>\n\n\n\n<p><\/p>\n\n\n\n<h2>O \u010demu smo pri\u010dali?<\/h2>\n\n\n\n<p>No na\u0161a interakcija sa studentima nije se svodila samo na igre. Vodili smo informativne razgovore s njima, pru\u017eaju\u0107i im uvid u razli\u010dite karijerne mogu\u0107nosti i tra\u017eene vje\u0161tine u dana\u0161njem dinami\u010dnom svijetu rada. Bili smo spremni dijeliti svoja iskustva i savjete te odgovarati na njihova pitanja kako bismo im pomogli da steknu jasniju sliku o svojim profesionalnim ciljevima.<\/p>\n\n\n\n<p>Interakcijom sa studentima upoznali smo mnogo talentiranih i motiviranih pojedinaca koji dijele na\u0161u strast i viziju. Razgovori su bili iznimno inspirativni, a upoznavanje novih ljudi pru\u017eilo nam je priliku za uspostavljanje vrijednih veza i potencijalnih suradnji u budu\u0107nosti.<\/p>\n\n\n\n<p>Uzbu\u0111eni smo zbog uspje\u0161nosti ovogodi\u0161njeg Karijernog korza i zahvaljujemo se svim studentima koji su posjetili na\u0161 \u0161tand. Nadamo se da smo im pru\u017eili korisne informacije i nadahnu\u0107e kako bi nastavili graditi svoje karijere.<\/p>\n\n\n\n<p>Tako\u0111er se \u017eelimo zahvaliti organizatorima na besprijekornoj organizaciji doga\u0111aja Tjedan karijera i pru\u017eenoj podr\u0161ci.<\/p>\n\n\n\n<p>Pro\u010ditajte kako je bilo pro\u0161le godine na <a href=\"https:\/\/www.sinonim.hr\/en_us\/tjedan-karijera-2022\/\" target=\"_blank\" rel=\"noreferrer noopener nofollow\">Tjednu karijera 2022.<\/a>!<\/p>\n\n\n\n<figure class=\"is-layout-flex wp-block-gallery-3 wp-block-gallery alignwide has-nested-images columns-default is-cropped\">\n<figure class=\"wp-block-image size-large\"><img decoding=\"async\" loading=\"lazy\" width=\"1200\" height=\"1200\" data-id=\"10712\"  src=\"https:\/\/www.sinonim.hr\/wp-content\/uploads\/2023\/05\/WhatsApp-Image-2023-05-17-at-14.19.33-2-edited.jpeg\" alt=\"Tjedan karijera - Osijek - Sinonim \" class=\"wp-image-10712\" srcset=\"https:\/\/www.sinonim.hr\/wp-content\/uploads\/2023\/05\/WhatsApp-Image-2023-05-17-at-14.19.33-2-edited.jpeg 1200w, https:\/\/www.sinonim.hr\/wp-content\/uploads\/2023\/05\/WhatsApp-Image-2023-05-17-at-14.19.33-2-edited-300x300.jpeg 300w, https:\/\/www.sinonim.hr\/wp-content\/uploads\/2023\/05\/WhatsApp-Image-2023-05-17-at-14.19.33-2-edited-1024x1024.jpeg 1024w, https:\/\/www.sinonim.hr\/wp-content\/uploads\/2023\/05\/WhatsApp-Image-2023-05-17-at-14.19.33-2-edited-150x150.jpeg 150w, https:\/\/www.sinonim.hr\/wp-content\/uploads\/2023\/05\/WhatsApp-Image-2023-05-17-at-14.19.33-2-edited-768x768.jpeg 768w, https:\/\/www.sinonim.hr\/wp-content\/uploads\/2023\/05\/WhatsApp-Image-2023-05-17-at-14.19.33-2-edited-12x12.jpeg 12w, https:\/\/www.sinonim.hr\/wp-content\/uploads\/2023\/05\/WhatsApp-Image-2023-05-17-at-14.19.33-2-edited-800x800.jpeg 800w, https:\/\/www.sinonim.hr\/wp-content\/uploads\/2023\/05\/WhatsApp-Image-2023-05-17-at-14.19.33-2-edited-24x24.jpeg 24w, https:\/\/www.sinonim.hr\/wp-content\/uploads\/2023\/05\/WhatsApp-Image-2023-05-17-at-14.19.33-2-edited-36x36.jpeg 36w, https:\/\/www.sinonim.hr\/wp-content\/uploads\/2023\/05\/WhatsApp-Image-2023-05-17-at-14.19.33-2-edited-48x48.jpeg 48w\" sizes=\"(max-width: 1200px) 100vw, 1200px\" \/><\/figure>\n\n\n\n<figure class=\"wp-block-image size-large\"><img decoding=\"async\" loading=\"lazy\" width=\"1024\" height=\"1024\" data-id=\"10713\"  src=\"https:\/\/www.sinonim.hr\/wp-content\/uploads\/2023\/05\/WhatsApp-Image-2023-05-17-at-14.18.23-1-edited-1.jpeg\" alt=\"Memory igra na Tjednu karijera - pove\u017ei rije\u010d s odgovaraju\u0107im prijevodom na stranom jeziku. \" class=\"wp-image-10713\" srcset=\"https:\/\/www.sinonim.hr\/wp-content\/uploads\/2023\/05\/WhatsApp-Image-2023-05-17-at-14.18.23-1-edited-1.jpeg 1024w, https:\/\/www.sinonim.hr\/wp-content\/uploads\/2023\/05\/WhatsApp-Image-2023-05-17-at-14.18.23-1-edited-1-300x300.jpeg 300w, https:\/\/www.sinonim.hr\/wp-content\/uploads\/2023\/05\/WhatsApp-Image-2023-05-17-at-14.18.23-1-edited-1-150x150.jpeg 150w, https:\/\/www.sinonim.hr\/wp-content\/uploads\/2023\/05\/WhatsApp-Image-2023-05-17-at-14.18.23-1-edited-1-768x768.jpeg 768w, https:\/\/www.sinonim.hr\/wp-content\/uploads\/2023\/05\/WhatsApp-Image-2023-05-17-at-14.18.23-1-edited-1-12x12.jpeg 12w, https:\/\/www.sinonim.hr\/wp-content\/uploads\/2023\/05\/WhatsApp-Image-2023-05-17-at-14.18.23-1-edited-1-800x800.jpeg 800w, https:\/\/www.sinonim.hr\/wp-content\/uploads\/2023\/05\/WhatsApp-Image-2023-05-17-at-14.18.23-1-edited-1-24x24.jpeg 24w, https:\/\/www.sinonim.hr\/wp-content\/uploads\/2023\/05\/WhatsApp-Image-2023-05-17-at-14.18.23-1-edited-1-36x36.jpeg 36w, https:\/\/www.sinonim.hr\/wp-content\/uploads\/2023\/05\/WhatsApp-Image-2023-05-17-at-14.18.23-1-edited-1-48x48.jpeg 48w\" sizes=\"(max-width: 1024px) 100vw, 1024px\" \/><\/figure>\n<figcaption class=\"blocks-gallery-caption wp-element-caption\">Tjedan karijera - 2023.<\/figcaption><\/figure>\n\n\n\n<p>S nestrpljenjem i\u0161\u010dekujemo budu\u0107e prilike za sudjelovanje na sli\u010dnim doga\u0111ajima i daljnje povezivanje s talentiranim mladim ljudima koji \u0107e oblikovati na\u0161u budu\u0107nost.<\/p>\n\n\n\n<p>Vidimo se sljede\u0107e godine!<\/p>","protected":false},"excerpt":{"rendered":"<p>Karijerni korzo recap: uspje\u0161no odr\u017ean doga\u0111aj! Tjedan karijera u Osijeku organizira Sveu\u010dili\u0161te Josipa J. Strossmayera uz mno\u0161tvo radionica, doga\u0111aja i aktivnosti u sklopu kojih je odr\u017ean i Karijerni korzo. Ju\u010der smo s ponosom sudjelovali na Karijernom korzu, koji je dio Tjedna karijera, jednom od najva\u017enijih doga\u0111aja posve\u0107enih povezivanju studenata s potencijalnim poslodavcima. Na\u0161 \u0161tand bio [&hellip;]<\/p>","protected":false},"author":26,"featured_media":10708,"comment_status":"open","ping_status":"open","sticky":false,"template":"","format":"standard","meta":{"_monsterinsights_skip_tracking":false,"_monsterinsights_sitenote_active":false,"_monsterinsights_sitenote_note":"","_monsterinsights_sitenote_category":0},"categories":[1011],"tags":[1213,1210,1209,683,212,1214,43,28,133,15,39,32,694,1240,1211,853,68,1215,1212],"yoast_head":"<!-- This site is optimized with the Yoast SEO plugin v19.13 - https:\/\/yoast.com\/wordpress\/plugins\/seo\/ -->\n<title>Karijerni korzo - 2023. | Agencija Sinonim | Prijevodi | Digitalni marketing<\/title>\n<meta name=\"description\" content=\"Tjedan karijera u Osijeku - odr\u017ean sajam Karijerni korzo posve\u0107en povezivanju studenata s potencijalnim poslodavcima.\" \/>\n<meta name=\"robots\" content=\"index, follow, max-snippet:-1, max-image-preview:large, max-video-preview:-1\" \/>\n<link rel=\"canonical\" href=\"https:\/\/www.sinonim.hr\/en_us\/tjedan-karijera-karijerni-korzo-2023\/\" \/>\n<meta property=\"og:locale\" content=\"en_US\" \/>\n<meta property=\"og:type\" content=\"article\" \/>\n<meta property=\"og:title\" content=\"Karijerni korzo - 2023. | Agencija Sinonim | Prijevodi | Digitalni marketing\" \/>\n<meta property=\"og:description\" content=\"Tjedan karijera u Osijeku - odr\u017ean sajam Karijerni korzo posve\u0107en povezivanju studenata s potencijalnim poslodavcima.\" \/>\n<meta property=\"og:url\" content=\"https:\/\/www.sinonim.hr\/en_us\/tjedan-karijera-karijerni-korzo-2023\/\" \/>\n<meta property=\"og:site_name\" content=\"Agencija Sinonim | Prijevodi | Digitalni marketing\" \/>\n<meta property=\"article:publisher\" content=\"https:\/\/www.facebook.com\/sinonimprijevodi\/\" \/>\n<meta property=\"article:published_time\" content=\"2023-05-18T14:01:21+00:00\" \/>\n<meta property=\"article:modified_time\" content=\"2023-06-28T10:22:20+00:00\" \/>\n<meta property=\"og:image\" content=\"https:\/\/www.sinonim.hr\/wp-content\/uploads\/2023\/05\/WhatsApp-Image-2023-05-17-at-14.18.23-1-edited.jpeg\" \/>\n\t<meta property=\"og:image:width\" content=\"1024\" \/>\n\t<meta property=\"og:image:height\" content=\"1365\" \/>\n\t<meta property=\"og:image:type\" content=\"image\/jpeg\" \/>\n<meta name=\"author\" content=\"sinonim\" \/>\n<meta name=\"twitter:card\" content=\"summary_large_image\" \/>\n<meta name=\"twitter:label1\" content=\"Written by\" \/>\n\t<meta name=\"twitter:data1\" content=\"sinonim\" \/>\n\t<meta name=\"twitter:label2\" content=\"Est. reading time\" \/>\n\t<meta name=\"twitter:data2\" content=\"3 minutes\" \/>\n<script type=\"application\/ld+json\" class=\"yoast-schema-graph\">{\"@context\":\"https:\/\/schema.org\",\"@graph\":[{\"@type\":\"WebPage\",\"@id\":\"https:\/\/www.sinonim.hr\/tjedan-karijera-karijerni-korzo-2023\/\",\"url\":\"https:\/\/www.sinonim.hr\/tjedan-karijera-karijerni-korzo-2023\/\",\"name\":\"Karijerni korzo - 2023. | Agencija Sinonim | Prijevodi | Digitalni marketing\",\"isPartOf\":{\"@id\":\"https:\/\/www.sinonim.hr\/de\/#website\"},\"datePublished\":\"2023-05-18T14:01:21+00:00\",\"dateModified\":\"2023-06-28T10:22:20+00:00\",\"author\":{\"@id\":\"https:\/\/www.sinonim.hr\/de\/#\/schema\/person\/4eff8b1bf7b6a47f210c355e5c113330\"},\"description\":\"Tjedan karijera u Osijeku - odr\u017ean sajam Karijerni korzo posve\u0107en povezivanju studenata s potencijalnim poslodavcima.\",\"breadcrumb\":{\"@id\":\"https:\/\/www.sinonim.hr\/tjedan-karijera-karijerni-korzo-2023\/#breadcrumb\"},\"inLanguage\":\"en-US\",\"potentialAction\":[{\"@type\":\"ReadAction\",\"target\":[\"https:\/\/www.sinonim.hr\/tjedan-karijera-karijerni-korzo-2023\/\"]}]},{\"@type\":\"BreadcrumbList\",\"@id\":\"https:\/\/www.sinonim.hr\/tjedan-karijera-karijerni-korzo-2023\/#breadcrumb\",\"itemListElement\":[{\"@type\":\"ListItem\",\"position\":1,\"name\":\"Home\",\"item\":\"https:\/\/www.sinonim.hr\/\"},{\"@type\":\"ListItem\",\"position\":2,\"name\":\"Karijerni korzo - 2023.\"}]},{\"@type\":\"WebSite\",\"@id\":\"https:\/\/www.sinonim.hr\/de\/#website\",\"url\":\"https:\/\/www.sinonim.hr\/de\/\",\"name\":\"Agencija Sinonim | Prijevodi | Digitalni marketing\",\"description\":\"Prijevod u duhu jezika\",\"potentialAction\":[{\"@type\":\"SearchAction\",\"target\":{\"@type\":\"EntryPoint\",\"urlTemplate\":\"https:\/\/www.sinonim.hr\/de\/?s={search_term_string}\"},\"query-input\":\"required name=search_term_string\"}],\"inLanguage\":\"en-US\"},{\"@type\":\"Person\",\"@id\":\"https:\/\/www.sinonim.hr\/de\/#\/schema\/person\/4eff8b1bf7b6a47f210c355e5c113330\",\"name\":\"sinonim\",\"image\":{\"@type\":\"ImageObject\",\"inLanguage\":\"en-US\",\"@id\":\"https:\/\/www.sinonim.hr\/de\/#\/schema\/person\/image\/\",\"url\":\"https:\/\/secure.gravatar.com\/avatar\/a25c70dc3f54cf215751166ec6b52208?s=96&d=mm&r=g\",\"contentUrl\":\"https:\/\/secure.gravatar.com\/avatar\/a25c70dc3f54cf215751166ec6b52208?s=96&d=mm&r=g\",\"caption\":\"sinonim\"}}]}<\/script>\n<!-- \/ Yoast SEO plugin. -->","yoast_head_json":{"title":"Karijerni korzo - 2023. | Agencija Sinonim | Prijevodi | Digitalni marketing","description":"Tjedan karijera u Osijeku - odr\u017ean sajam Karijerni korzo posve\u0107en povezivanju studenata s potencijalnim poslodavcima.","robots":{"index":"index","follow":"follow","max-snippet":"max-snippet:-1","max-image-preview":"max-image-preview:large","max-video-preview":"max-video-preview:-1"},"canonical":"https:\/\/www.sinonim.hr\/en_us\/tjedan-karijera-karijerni-korzo-2023\/","og_locale":"en_US","og_type":"article","og_title":"Karijerni korzo - 2023. | Agencija Sinonim | Prijevodi | Digitalni marketing","og_description":"Tjedan karijera u Osijeku - odr\u017ean sajam Karijerni korzo posve\u0107en povezivanju studenata s potencijalnim poslodavcima.","og_url":"https:\/\/www.sinonim.hr\/en_us\/tjedan-karijera-karijerni-korzo-2023\/","og_site_name":"Agencija Sinonim | Prijevodi | Digitalni marketing","article_publisher":"https:\/\/www.facebook.com\/sinonimprijevodi\/","article_published_time":"2023-05-18T14:01:21+00:00","article_modified_time":"2023-06-28T10:22:20+00:00","og_image":[{"width":1024,"height":1365,"url":"https:\/\/www.sinonim.hr\/wp-content\/uploads\/2023\/05\/WhatsApp-Image-2023-05-17-at-14.18.23-1-edited.jpeg","type":"image\/jpeg"}],"author":"sinonim","twitter_card":"summary_large_image","twitter_misc":{"Written by":"sinonim","Est. reading time":"3 minutes"},"schema":{"@context":"https:\/\/schema.org","@graph":[{"@type":"WebPage","@id":"https:\/\/www.sinonim.hr\/tjedan-karijera-karijerni-korzo-2023\/","url":"https:\/\/www.sinonim.hr\/tjedan-karijera-karijerni-korzo-2023\/","name":"Karijerni korzo - 2023. | Agencija Sinonim | Prijevodi | Digitalni marketing","isPartOf":{"@id":"https:\/\/www.sinonim.hr\/de\/#website"},"datePublished":"2023-05-18T14:01:21+00:00","dateModified":"2023-06-28T10:22:20+00:00","author":{"@id":"https:\/\/www.sinonim.hr\/de\/#\/schema\/person\/4eff8b1bf7b6a47f210c355e5c113330"},"description":"Tjedan karijera u Osijeku - odr\u017ean sajam Karijerni korzo posve\u0107en povezivanju studenata s potencijalnim poslodavcima.","breadcrumb":{"@id":"https:\/\/www.sinonim.hr\/tjedan-karijera-karijerni-korzo-2023\/#breadcrumb"},"inLanguage":"en-US","potentialAction":[{"@type":"ReadAction","target":["https:\/\/www.sinonim.hr\/tjedan-karijera-karijerni-korzo-2023\/"]}]},{"@type":"BreadcrumbList","@id":"https:\/\/www.sinonim.hr\/tjedan-karijera-karijerni-korzo-2023\/#breadcrumb","itemListElement":[{"@type":"ListItem","position":1,"name":"Home","item":"https:\/\/www.sinonim.hr\/"},{"@type":"ListItem","position":2,"name":"Karijerni korzo - 2023."}]},{"@type":"WebSite","@id":"https:\/\/www.sinonim.hr\/de\/#website","url":"https:\/\/www.sinonim.hr\/de\/","name":"Agencija Sinonim | Prijevodi | Digitalni marketing","description":"Prijevod u duhu jezika","potentialAction":[{"@type":"SearchAction","target":{"@type":"EntryPoint","urlTemplate":"https:\/\/www.sinonim.hr\/de\/?s={search_term_string}"},"query-input":"required name=search_term_string"}],"inLanguage":"en-US"},{"@type":"Person","@id":"https:\/\/www.sinonim.hr\/de\/#\/schema\/person\/4eff8b1bf7b6a47f210c355e5c113330","name":"sinonim","image":{"@type":"ImageObject","inLanguage":"en-US","@id":"https:\/\/www.sinonim.hr\/de\/#\/schema\/person\/image\/","url":"https:\/\/secure.gravatar.com\/avatar\/a25c70dc3f54cf215751166ec6b52208?s=96&d=mm&r=g","contentUrl":"https:\/\/secure.gravatar.com\/avatar\/a25c70dc3f54cf215751166ec6b52208?s=96&d=mm&r=g","caption":"sinonim"}}]}},"_links":{"self":[{"href":"https:\/\/www.sinonim.hr\/en_us\/wp-json\/wp\/v2\/posts\/10702"}],"collection":[{"href":"https:\/\/www.sinonim.hr\/en_us\/wp-json\/wp\/v2\/posts"}],"about":[{"href":"https:\/\/www.sinonim.hr\/en_us\/wp-json\/wp\/v2\/types\/post"}],"author":[{"embeddable":true,"href":"https:\/\/www.sinonim.hr\/en_us\/wp-json\/wp\/v2\/users\/26"}],"replies":[{"embeddable":true,"href":"https:\/\/www.sinonim.hr\/en_us\/wp-json\/wp\/v2\/comments?post=10702"}],"version-history":[{"count":5,"href":"https:\/\/www.sinonim.hr\/en_us\/wp-json\/wp\/v2\/posts\/10702\/revisions"}],"predecessor-version":[{"id":10730,"href":"https:\/\/www.sinonim.hr\/en_us\/wp-json\/wp\/v2\/posts\/10702\/revisions\/10730"}],"wp:featuredmedia":[{"embeddable":true,"href":"https:\/\/www.sinonim.hr\/en_us\/wp-json\/wp\/v2\/media\/10708"}],"wp:attachment":[{"href":"https:\/\/www.sinonim.hr\/en_us\/wp-json\/wp\/v2\/media?parent=10702"}],"wp:term":[{"taxonomy":"category","embeddable":true,"href":"https:\/\/www.sinonim.hr\/en_us\/wp-json\/wp\/v2\/categories?post=10702"},{"taxonomy":"post_tag","embeddable":true,"href":"https:\/\/www.sinonim.hr\/en_us\/wp-json\/wp\/v2\/tags?post=10702"}],"curies":[{"name":"wp","href":"https:\/\/api.w.org\/{rel}","templated":true}]}}